{"id":4380,"date":"2024-07-04T08:10:17","date_gmt":"2024-07-04T08:10:17","guid":{"rendered":"https:\/\/easybnb.co\/?p=4380"},"modified":"2024-09-13T21:46:08","modified_gmt":"2024-09-13T21:46:08","slug":"cena-francouzsko-ceske-obchodni-komory-pro-originalni-inovativni-a-odpovedne-firmy","status":"publish","type":"post","link":"https:\/\/easybnb.co\/cs\/cena-francouzsko-ceske-obchodni-komory-pro-originalni-inovativni-a-odpovedne-firmy\/","title":{"rendered":"Cena Francouzsko-\u010desk\u00e9 obchodn\u00ed komory pro origin\u00e1ln\u00ed, inovativn\u00ed a odpov\u011bdn\u00e9 firmy"},"content":{"rendered":"\n<p>Francie je zem\u011b, kter\u00e1 m\u016f\u017ee mnoh\u00e9 nab\u00eddnout. V posledn\u00edch letech to jsou zejm\u00e9na nejvysp\u011blej\u0161\u00ed technologie a inovace, aktivn\u00ed p\u0159\u00edstup k problematice cirkul\u00e1rn\u00ed ekonomiky a ochrany \u017eivotn\u00edho prost\u0159ed\u00ed nebo podpora start-up\u016f. Stranou nez\u016fst\u00e1v\u00e1 ani gastronomie, odv\u011bk\u00fd symbol Francie.<\/p>\n\n\n\n<p>C\u00edlem Ceny Francouzsko-\u010desk\u00e9 obchodn\u00ed komory je upozornit na firmy, kter\u00e9 usp\u011bly a motivovat k aktivn\u00edmu p\u0159\u00edstupu i dal\u0161\u00ed spole\u010dnosti \u010di jednotlivce.<\/p>\n\n\n\n<blockquote class=\"wp-block-quote is-layout-flow wp-block-quote-is-layout-flow\">\n<p><em>\u201e\u010cesk\u00e1 republika je pro Francouze i francouzsk\u00e9 firmy p\u0159ita\u017elivou destinac\u00ed. Objem vz\u00e1jemn\u00e9ho obchodu neust\u00e1le roste (12,4 miliardy za rok 2018) a jen Francouzsko-\u010desk\u00e1 obchodn\u00ed komora ro\u010dn\u011b pom\u016f\u017ee s rozvojem podnik\u00e1n\u00ed v tuzemsku v\u00edce ne\u017e 70 francouzsk\u00fdm firm\u00e1m, kter\u00fdch v sou\u010dasnosti p\u016fsob\u00ed v \u010cesku na 500. A n\u011bkter\u00e9 z nich za sebou maj\u00ed opravdu zaj\u00edmav\u00e9 p\u0159\u00edb\u011bhy, velk\u00e9 \u00fasp\u011bchy a ojedin\u011bl\u00e9 n\u00e1pady a koncepce. Pr\u00e1v\u011b tyto vynikaj\u00edc\u00ed francouzsko-\u010desk\u00e9 p\u0159\u00edklady si zaslou\u017e\u00ed Cenu Francouzsko-\u010desk\u00e9 obchodn\u00ed komory.\u201c<\/em><\/p>\n<cite>vysv\u011btluje Michal Macko, jednatel Francouzsko-\u010desk\u00e9 obchodn\u00ed komory.<\/cite><\/blockquote>\n\n\n\n<p>V r\u00e1mci 6. ro\u010dn\u00edku Ceny F\u010cOK jsou ocen\u011bny spole\u010dnosti ve \u010dty\u0159ech kategori\u00edch. C\u00edlem a motivac\u00ed Ceny F\u010cOK je vyzdvihnout p\u0159\u00edklady mal\u00fdch i velk\u00fdch firem, kter\u00e9 vynikaj\u00ed a\u0165 u\u017e sv\u00fdm origin\u00e1ln\u00edm n\u00e1padem \u010di p\u0159\u00edstupem k podnik\u00e1n\u00ed nebo investuj\u00ed do v\u00fdvoje \u010di implementace nov\u00fdch technologi\u00ed. Projekt zviditeln\u00ed tak\u00e9 spole\u010dnosti, kter\u00e9 jsou aktivn\u00ed v oblasti spole\u010densk\u00e9 odpov\u011bdnosti nebo p\u0159isp\u00edvaj\u00ed k trvale udr\u017eiteln\u00e9mu rozvoji.<\/p>\n\n\n\n<p>Nejlep\u0161\u00ed projekty v ka\u017ed\u00e9 kategorii a v\u00edt\u011bze vybrala dev\u00edti\u010dlenn\u00e1 odborn\u00e1 porota na z\u00e1klad\u011b individu\u00e1ln\u00edho hlasov\u00e1n\u00ed a n\u00e1sledn\u00e9 diskuse na zased\u00e1n\u00ed poroty.<\/p>\n\n\n\n<h2 class=\"wp-block-heading\"><strong>Kategorie a laure\u00e1ti<\/strong><\/h2>\n\n\n\n<ul class=\"wp-block-list\">\n<li>Podnikatelsk\u00fd p\u0159\u00edb\u011bh: easy BNB<\/li>\n\n\n\n<li>Technologick\u00e1 inovace: Veolia<\/li>\n\n\n\n<li>Odpov\u011bdn\u00e1 firma v oblasti soci\u00e1ln\u00ed: Accenture<\/li>\n\n\n\n<li>Odpov\u011bdn\u00e1 firma v oblasti environment\u00e1ln\u00ed: Groupe SEB<\/li>\n\n\n\n<li>Zvl\u00e1\u0161tn\u00ed cena poroty: Monsieur Bouchon<\/li>\n<\/ul>\n\n\n\n<p><\/p>\n\n\n\n<h2 class=\"wp-block-heading\"><strong>V\u00edt\u011bz kategorie Podnikatelsk\u00fd p\u0159\u00edb\u011bh: easy BNB<\/strong><\/h2>\n\n\n\n<p>Cena v kategorii Podnikatelsk\u00fd p\u0159\u00edb\u011bh je ud\u011blena spole\u010dnosti mlad\u0161\u00ed p\u011bti let nebo podnikateli, kte\u0159\u00ed jsou v\u00fdjime\u010dn\u00ed svou originalitou, kreativitou a dynamick\u00fdm p\u0159\u00edstupem k podnik\u00e1n\u00ed nebo sv\u00fdmi finan\u010dn\u00edmi \u00fasp\u011bchy prokazuj\u00ed potenci\u00e1l dal\u0161\u00edho r\u016fstu.<\/p>\n\n\n\n<p>V roce 2016 dva mlad\u00ed Francouzi \u017eij\u00edc\u00ed v Praze, Kevin Gestin a Faical Orakzai, dostali n\u00e1pad nab\u00edzet sv\u00e9 slu\u017eby spr\u00e1vce byt\u016f na platform\u011b Airbnb. Jejich slu\u017eby zahrnuj\u00ed b\u011b\u017en\u00e9 \u010dinnosti jako \u00faklid a komunikaci s kr\u00e1tkodob\u00fdmi n\u00e1jemci, ale tak\u00e9 nadstandartn\u00ed slu\u017eby jako zaji\u0161t\u011bn\u00ed rekonstrukce bytu, po\u0159\u00edzen\u00ed fotografi\u00ed bytu pro lep\u0161\u00ed marketing nebo dokonce pr\u00e1vn\u00ed servis.<\/p>\n\n\n\n<p>Za necel\u00e9 t\u0159i roky jejich start-up pro spr\u00e1vu kr\u00e1tkodob\u00fdch pron\u00e1jm\u016f na port\u00e1lech jako Airbnb nebo Booking.com a vzrostl o 300 %. V sou\u010dasnosti se easy BNB star\u00e1 o 70 byt\u016f v Praze a dal\u0161\u00ed pl\u00e1n je jasn\u00fd \u2013 expanze do dal\u0161\u00edch evropsk\u00fdch metropol\u00ed. Tito dva mlad\u00ed Francouzi u\u017e v Praze zam\u011bstn\u00e1vaj\u00ed 25 lid\u00ed a jejich projekt natolik oslovil skupinu RSBC, \u017ee do nich investovala bl\u00ed\u017ee nespecifikovanou \u010d\u00e1stku na podporu r\u016fstu do zahrani\u010d\u00ed.<\/p>\n\n\n\n<p>Porota ocenila kvalitu obchodn\u00edho modelu easy BNB, kter\u00fd se ji\u017e osv\u011bd\u010dil I v mezin\u00e1rodn\u00edm m\u011b\u0159\u00edtku. Dovedli dob\u0159e rozpoznat p\u0159\u00edle\u017eitost a vyu\u017e\u00edt ji a z\u00e1rove\u0148 respektuj\u00ed pravidla a normy. Dok\u00e1\u017e\u00ed b\u00fdt partnerem obou stran, Airbnb i lok\u00e1ln\u00edch \u00fa\u0159ad\u016f, co\u017e je v t\u00e9to problematick\u00e9 oblasti velmi z\u00e1slu\u017en\u00e9. Porota tak\u00e9 ocenila, \u017ee si pro sv\u016fj dal\u0161\u00ed zahrani\u010dn\u00ed rozvoj vybrali Prahu jako v\u00fdchoz\u00ed bod a sv\u00e9 s\u00eddlo.<\/p>\n\n\n\n<p>Dal\u0161\u00edmi finalisty kategorie byly spole\u010dnosti Epdor a Monsieur Bouchon.<\/p>\n\n\n\n<h2 class=\"wp-block-heading\"><strong>V\u00edt\u011bz kategorie<\/strong>&nbsp;<strong>Technologick\u00e1 inovace: Veolia<\/strong><\/h2>\n\n\n\n<p>Cena v kategorii Technologick\u00e1 inovace je ud\u011blena spole\u010dnosti, kter\u00e1 v roce 2018 vyvinula nebo implementovala v\u00fdznamnou technologickou inovaci v oblasti v\u00fdroby nebo slu\u017eeb, a zv\u00fd\u0161ila tak kvalitu produktu\/slu\u017eby, celkovou produktivitu nebo obrat spole\u010dnosti.<\/p>\n\n\n\n<p>Spole\u010dnost Veolia na z\u00e1klad\u011b popt\u00e1vky investora vyvinula pro budovu V-Tower na pra\u017esk\u00e9m Pankr\u00e1ci unik\u00e1tn\u00ed syst\u00e9m tepeln\u00e9ho hospod\u00e1\u0159stv\u00ed, kter\u00fd vyu\u017e\u00edv\u00e1 vodovodn\u00ed s\u00edt\u011b jako obnoviteln\u00e9ho zdroj tepla. T\u0159icetipatrov\u00fd bytov\u00fd d\u016fm d\u00edky technologick\u00e9mu \u0159e\u0161en\u00ed od Veolia vyu\u017e\u00edv\u00e1 k vyt\u00e1p\u011bn\u00ed i chlazen\u00ed tepeln\u00e9 \u010derpadlo, kter\u00e9 um\u00ed z\u00edsk\u00e1vat vyu\u017e\u00edvat teplo z okoln\u00edho prost\u0159ed\u00ed.<\/p>\n\n\n\n<p>D\u016fle\u017eit\u00e9 pro fungov\u00e1n\u00ed tohoto principu je stabilita zdroje tepla. Tepeln\u00e9 \u010derpadlo, kter\u00e9 je napojeno na p\u0159\u00edvodn\u00ed \u0159ad o teplot\u011b 6-11\u00b0C, m\u00e1 tedy v tomto p\u0159\u00edpad\u011b stabiln\u00ed zdroj n\u00edzkopotencion\u00e1ln\u00edho tepla a a\u017e dvakr\u00e1t v\u011bt\u0161\u00ed \u00fa\u010dinnost ne\u017e v klasick\u00e9 variant\u011b. \u0160pi\u010dkov\u00e9 odb\u011bry tepla jsou \u0159e\u0161eny dod\u00e1vkou ze s\u00edt\u011b d\u00e1lkov\u00e9ho vyt\u00e1p\u011bn\u00ed. D\u0159\u00edve se podobn\u00e9 syst\u00e9my vyu\u017e\u00edvaly ve vodojemech, ale aplikace na vodovodn\u00ed potrub\u00ed je novinkou.<\/p>\n\n\n\n<p>Technologick\u00e1 inovace umo\u017enila pokr\u00fdt 75 % pot\u0159eby na vyt\u00e1p\u011bn\u00ed budovy V-Tower a z\u00edskan\u00e9 teplo je o 30 % levn\u011bj\u0161\u00ed ne\u017e v p\u0159\u00edpad\u011b plynov\u00fdch kotl\u016f. Projekt z\u00edskal certifik\u00e1t Leed Platinum za ohleduplnost k \u017eivotn\u00edmu prost\u0159ed\u00ed.<\/p>\n\n\n\n<p>Porota inovaci ocenila jako skv\u011bl\u00fd p\u0159\u00edklad komplexn\u00edho projektu cirkul\u00e1rn\u00ed energie, kter\u00fd je nav\u00edc aplikovateln\u00fd kdekoliv, kde je dostate\u010dn\u00fd pr\u016ftok vody ve vodovodn\u00ed a kanaliza\u010dn\u00ed s\u00edti a voda proud\u00ed gravita\u010dn\u011b. M\u011b\u0159en\u00ed v b\u011b\u017en\u00e9m provozu nav\u00edc dokazuje, \u017ee je nejen ekologick\u00e9, ale tak\u00e9 ekonomick\u00e9, co\u017e je velmi p\u0159esv\u011bd\u010div\u00fd argument ve prosp\u011bch ochrany \u017eivotn\u00edho prost\u0159ed\u00ed i konkr\u00e9tn\u011b t\u00e9to technologie.<\/p>\n\n\n\n<p>Dal\u0161\u00edmi finalisty kategorie byly spole\u010dnosti Aleego a Mark2 Corporation Czech.<\/p>\n\n\n\n<h2 class=\"wp-block-heading\"><strong>V\u00edt\u011bz kategorie<\/strong>&nbsp;<strong>Odpov\u011bdn\u00e1 firma v oblasti soci\u00e1ln\u00ed: Accenture<\/strong><\/h2>\n\n\n\n<p>Cena v t\u00e9to kategorii je ud\u011blena spole\u010dnosti, kter\u00e1 v\u00fdznamn\u00fdm zp\u016fsobem podporuje rozvoj lidsk\u00e9ho kapit\u00e1lu ve sv\u00e9m okol\u00ed. Anga\u017euje se v podpo\u0159e neziskov\u00fdch organizac\u00ed, m\u00e1 vlastn\u00ed nada\u010dn\u00ed fond, zapojuje se do dobrovolnick\u00fdch prac\u00ed, p\u0159isp\u00edv\u00e1 k rozvoji sv\u00e9ho regionu a vn\u00edm\u00e1 zam\u011bstnance jako kl\u00ed\u010dovou sou\u010d\u00e1st spole\u010dnosti a podporuje jejich rozvoj a vzd\u011bl\u00e1v\u00e1n\u00ed.<\/p>\n\n\n\n<p>P\u0159i sv\u00e9m podnik\u00e1n\u00ed se Accenture sna\u017e\u00ed podporovat 17 c\u00edl\u016f udr\u017eiteln\u00e9ho rozvoje, kter\u00e9 jsou sou\u010d\u00e1st\u00ed dokumentu OSN pod n\u00e1zvem P\u0159em\u011bna na\u0161eho sv\u011bta: Agenda pro udr\u017eiteln\u00fd rozvoj 2030. M\u00e1 ov\u0161em tak\u00e9 mnoho lok\u00e1ln\u00edch projekt\u016f, kter\u00e9 se zam\u011b\u0159uj\u00ed na podporu vzd\u011blanosti a mo\u017enosti z\u00edsk\u00e1n\u00ed pr\u00e1ce v \u010cR; podporu neziskov\u00e9ho sektoru v \u010cR; ekoaktivity nebo programy pro rodi\u010de. Jejich st\u00e1l\u00e1 s\u00ed\u0165 dobrovoln\u00edk\u016f zahrnuje cca 40 zam\u011bstnanc\u016f, dal\u0161\u00edch 400 se \u00fa\u010dastn\u00ed charitativn\u00edho b\u011bhu Teribear.<\/p>\n\n\n\n<p>Celkov\u011b za posledn\u00ed rok zam\u011bstnanci Accenture v\u011bnovali 850 hodin dobrovolnick\u00fdm \u010dinnostem a firma poskytla finan\u010dn\u00ed podporu ve v\u00fd\u0161i 3 miliony korun. Samotn\u00ed zam\u011bstnanci p\u0159isp\u011bli \u010d\u00e1stkou 157 907 K\u010d na podporu jednotlivc\u016f a projekt\u016f v r\u00e1mci dobrovolnick\u00fdch aktivit a \u010d\u00e1stkou 144 000 korun na podporu projekt\u016f vybran\u00fdch spolu s Nadac\u00ed Terezy Maxov\u00e9.<\/p>\n\n\n\n<p>Mezi hlavn\u00ed projekty pat\u0159\u00ed Accenture Academy, jej\u00edm\u017e prost\u0159ednictv\u00edm z\u00edskalo pr\u00e1ci 115 mlad\u00fdch lid\u00ed. Dal\u0161\u00edch 164 mlad\u00fdch lid\u00ed firma podpo\u0159ila individu\u00e1ln\u00edmi konzultacemi (profesn\u00ed diagnostika, p\u0159\u00edprava na pohovor), 60 \u017een absolvovalo rekvalifika\u010dn\u00ed kurz Digital Academy po\u0159\u00e1dan\u00e9ho ve spolupr\u00e1ci s neziskovou organizac\u00ed Czechitas. V\u00edce ne\u017e stovka d\u011bt\u00ed se dozv\u011bd\u011bla v\u00edce o finan\u010dn\u00ed gramotnosti d\u00edky kurzu, kter\u00fd firma zdarma po\u0159\u00e1d\u00e1. Zam\u011bstnanci se zapojili tak\u00e9 nap\u0159\u00edklad do projektu Ukli\u010fme \u010cesko.<\/p>\n\n\n\n<p>Porota ocenila mno\u017estv\u00ed a rozmanitost projekt\u016f z oblasti CSR, je\u017e firma podporuje, aktivn\u00ed zapojen\u00ed zam\u011bstnanc\u016f, hendikepovan\u00fdch a dlouhodobost a koncep\u010dnost projektu.<\/p>\n\n\n\n<p>Dal\u0161\u00edmi finalisty kategorie byly spole\u010dnosti Lesaffre, Sodexo Pass \u010cesk\u00e1 republika a Nada\u010dn\u00ed fond Veolia.<\/p>\n\n\n\n<h2 class=\"wp-block-heading\"><strong>V\u00edt\u011bz kategorie<\/strong>&nbsp;<strong>Odpov\u011bdn\u00e1 firma v oblasti \u017eivotn\u00edho prost\u0159ed\u00ed: Groupe SEB<\/strong><\/h2>\n\n\n\n<p>Cena v t\u00e9to kategorii bude ud\u011blena spole\u010dnosti, kter\u00e1 svou \u010dinnost\u00ed a p\u0159\u00edstupem p\u0159isp\u00edv\u00e1 k ochran\u011b \u017eivotn\u00edho prost\u0159ed\u00ed, chov\u00e1 se v duchu ob\u011bhov\u00e9ho hospod\u00e1\u0159stv\u00ed nebo nap\u0159\u00edklad aplikuje investi\u010dn\u00ed politiku ve prosp\u011bch ochrany \u017eivotn\u00edho prost\u0159ed\u00ed.<\/p>\n\n\n\n<p>Ka\u017edou vte\u0159inu se na sv\u011bt\u011b prod\u00e1 v pr\u016fm\u011bru 8 mal\u00fdch dom\u00e1c\u00edch elektrospot\u0159ebi\u010d\u016f od jedn\u00e9 ze zna\u010dek skupiny SEB. Firma francouzsk\u00e9ho p\u016fvodu s mnoha pobo\u010dkami v \u010cR se v roce 2008 rozhodla, \u017ee zm\u011bn\u00ed celkovou koncepci sv\u00e9 v\u00fdroby a hlavn\u011b p\u0159\u00edstup k \u017eivotnosti v\u00fdrobk\u016f. Na v\u0161echny sv\u00e9 v\u00fdrobky d\u00e1v\u00e1 garanci opravitelnosti na dobu deseti let, n\u00e1hradn\u00ed d\u00edly jsou k dod\u00e1n\u00ed do 48 hodin.<\/p>\n\n\n\n<p>Pokud se v\u00e1m jejich v\u00fdrobek pokaz\u00ed, m\u016f\u017eete jim ho don\u00e9st a za p\u0159ijatelnou cenu v\u00e1m jej oprav\u00ed. V\u0161echny n\u00e1hradn\u00ed sou\u010d\u00e1stky jsou na sklad\u011b minim\u00e1ln\u011b po dobu 10 let. Nav\u00edc s technologi\u00ed 3D tisku firma pl\u00e1nuje i del\u0161\u00ed garanci, proto\u017ee jak\u00e9koliv sou\u010d\u00e1stky p\u016fjde d\u00edky n\u00e1kres\u016fm vytisknout v jedin\u00e9m exempl\u00e1\u0159i i dlouho po ukon\u010den\u00ed v\u00fdroby.<\/p>\n\n\n\n<p>Princip eko-koncepce, tedy tvorby designu s ohledem na \u017eivotnost a opravitelnost v\u00fdrobku, je nejv\u00fd\u0161e na hodnotov\u00e9m \u017eeb\u0159\u00ed\u010dku cirkul\u00e1rn\u00ed ekonomiky. P\u0159\u00edstup Groupe SEB m\u00e1 podle poroty nav\u00edc glob\u00e1ln\u00ed dopad, nebo\u0165 stav\u00ed evropskou produkci do lep\u0161\u00ed pozice v\u016f\u010di konkurenci z Asie. Dal\u0161\u00edmi pozitivy je zapojen\u00ed dodavatel\u016f do celkov\u00e9ho principu a v\u00fdznamn\u00fd potenci\u00e1l do budoucna, aplikovateln\u00fd i v dal\u0161\u00edch oborech.<\/p>\n\n\n\n<p>Dal\u0161\u00edmi finalisty kategorie byly spole\u010dnosti Hello bank! a SUEZ Vyu\u017eit\u00ed zdroj\u016f.<\/p>\n\n\n\n<h2 class=\"wp-block-heading\"><strong>Zvl\u00e1\u0161tn\u00ed cena poroty: Monsieur Bouchon<\/strong><\/h2>\n\n\n\n<p>Jonathan Jacquet, mlad\u00fd francouzsk\u00fd kucha\u0159 a someli\u00e9r, se v srpnu 2018 stal Monsieur Bouchonem, tedy doslova \u201epanem z\u00e1tkou\u201c. Rozhodl se v Praze rozjet neot\u0159el\u00fd podnikatelsk\u00fd pl\u00e1n \u2013 po\u0159\u00e1dat soukrom\u00e9 ve\u010de\u0159e, kurzy va\u0159en\u00ed, degustace v\u00edna a hlavn\u011b pop-up ve\u010de\u0159e pro firemn\u00ed i soukrom\u00e9 klienty. Na v\u00e1\u0161 st\u016fl z jeho rukou putuj\u00ed typick\u00e9 recepty francouzsk\u00e9 kuchyn\u011b vyroben\u00e9 z m\u00edstn\u00edch \u010derstv\u00fdch produkt\u016f.<\/p>\n\n\n\n<p>Jeho origin\u00e1ln\u00ed koncept ve\u010de\u0159\u00ed zavede str\u00e1vn\u00edky na tak neobvykl\u00e1 m\u00edsta jako je park nebo t\u0159eba kv\u011btin\u00e1\u0159stv\u00ed. Monsieur Bouchon prost\u011b vezme sv\u016fj d\u0159ev\u011bn\u00fd skl\u00e1dac\u00ed st\u016fl na kole\u010dk\u00e1ch, p\u0159ijede nap\u0159\u00edklad do parku, st\u016fl rozlo\u017e\u00ed, zap\u00e1l\u00ed sv\u00ed\u010dky, nalije kvalitn\u00ed v\u00edno a s \u00fasm\u011bvem naserv\u00edruje gastronomick\u00e9 menu o n\u011bkolika chodech.<\/p>\n\n\n\n<p>Za 7 m\u011bs\u00edc\u016f od spu\u0161t\u011bn\u00ed projektu vzrostl jeho obrat o 60 %. S\u00e1m Jonathan \u0159\u00edk\u00e1, \u017ee je sv\u00fdm v\u00fdd\u011blkem spokojen\u00fd, nebo\u0165 pokryje v\u0161echny jeho v\u00fddaje d\u00edky francouzsk\u00e9 gastronomii.<\/p>\n\n\n\n<p>Porota ocenila osobn\u00ed zap\u00e1len\u00ed Jonathana Jacqueta, originalitu, slibn\u00e9 ekonomick\u00e9 v\u00fdsledky a jeho p\u0159\u00edsp\u011bvek k propagaci kvalitn\u00ed francouzsk\u00e9 gastronomie v \u010cech\u00e1ch.<\/p>\n\n\n\n<h2 class=\"wp-block-heading\"><strong>O Francouzsko-\u010desk\u00e9 obchodn\u00ed komo\u0159e<\/strong><\/h2>\n\n\n\n<p>Francouzsko-\u010desk\u00e1 obchodn\u00ed komora je ji\u017e 23 let v\u00fdznamn\u00fdm hybatelem francouzsko-\u010desk\u00e9 podnikatelsk\u00e9 komunity a akt\u00e9rem obchodn\u00edch vztah\u016f obou zem\u00ed. F\u010cOK je nez\u00e1visl\u00e1 organizace, kter\u00e1 se samofinancuje.<\/p>\n\n\n\n<p>Pro v\u00edce ne\u017e 300 \u010dlensk\u00fdch spole\u010dnost\u00ed i \u0161irokou ve\u0159ejnost uspo\u0159\u00e1dal t\u00fdm F\u010cOK za rok 2018 v\u00edce ne\u017e 60 akc\u00ed: tematick\u00e9 kluby, debaty a konference, \u0161kolen\u00ed, kulturn\u00ed, spole\u010densk\u00e1 a sportovn\u00ed setk\u00e1n\u00ed.<\/p>\n\n\n\n<p>Obchodn\u00ed odd\u011blen\u00ed F\u010cOK poskytuje poradenstv\u00ed a \u0161irokou paletu slu\u017eeb \u010desk\u00fdm a francouzsk\u00fdm firm\u00e1m, kter\u00e9 cht\u011bj\u00ed za\u010d\u00edt podnikat v \u010cR nebo ve Francii. Slu\u017eeb odd\u011blen\u00ed na podporu podnik\u00e1n\u00ed vyu\u017eije ka\u017edoro\u010dn\u011b na 70 firem. F\u010cOK rovn\u011b\u017e provozuje podnikatelsk\u00fd inkub\u00e1tor, jeho\u017e slu\u017eeb vyu\u017eilo za 12 let v\u00edce 118 francouzsk\u00fdch MSP, z nich\u017e p\u0159es 80 nad\u00e1le p\u016fsob\u00ed na \u010desk\u00e9m trhu.<\/p>\n\n\n\n<p>F\u010cOK je \u010dlenem CCI France International, s\u00edt\u011b 123 francouzsk\u00fdch obchodn\u00edch a pr\u016fmyslov\u00fdch komor v zahrani\u010d\u00ed aktivn\u00edch v 92 zem\u00edch sv\u011bta.<\/p>\n","protected":false},"excerpt":{"rendered":"<p>Francie je zem\u011b, kter\u00e1 m\u016f\u017ee mnoh\u00e9 nab\u00eddnout. V posledn\u00edch letech to jsou zejm\u00e9na nejvysp\u011blej\u0161\u00ed technologie a inovace, aktivn\u00ed p\u0159\u00edstup k problematice cirkul\u00e1rn\u00ed ekonomiky a ochrany \u017eivotn\u00edho prost\u0159ed\u00ed nebo podpora start-up\u016f. Stranou nez\u016fst\u00e1v\u00e1 ani gastronomie, odv\u011bk\u00fd symbol Francie. C\u00edlem Ceny Francouzsko-\u010desk\u00e9 obchodn\u00ed komory je upozornit na firmy, kter\u00e9 usp\u011bly a motivovat k aktivn\u00edmu p\u0159\u00edstupu i dal\u0161\u00ed [&hellip;]<\/p>\n","protected":false},"author":2,"featured_media":4338,"comment_status":"closed","ping_status":"open","sticky":false,"template":"","format":"standard","meta":{"content-type":"","footnotes":""},"categories":[17],"tags":[],"class_list":["post-4380","post","type-post","status-publish","format-standard","has-post-thumbnail","hentry","category-uncategorized-cs"],"_links":{"self":[{"href":"https:\/\/easybnb.co\/cs\/wp-json\/wp\/v2\/posts\/4380","targetHints":{"allow":["GET"]}}],"collection":[{"href":"https:\/\/easybnb.co\/cs\/wp-json\/wp\/v2\/posts"}],"about":[{"href":"https:\/\/easybnb.co\/cs\/wp-json\/wp\/v2\/types\/post"}],"author":[{"embeddable":true,"href":"https:\/\/easybnb.co\/cs\/wp-json\/wp\/v2\/users\/2"}],"replies":[{"embeddable":true,"href":"https:\/\/easybnb.co\/cs\/wp-json\/wp\/v2\/comments?post=4380"}],"version-history":[{"count":1,"href":"https:\/\/easybnb.co\/cs\/wp-json\/wp\/v2\/posts\/4380\/revisions"}],"predecessor-version":[{"id":5151,"href":"https:\/\/easybnb.co\/cs\/wp-json\/wp\/v2\/posts\/4380\/revisions\/5151"}],"wp:featuredmedia":[{"embeddable":true,"href":"https:\/\/easybnb.co\/cs\/wp-json\/wp\/v2\/media\/4338"}],"wp:attachment":[{"href":"https:\/\/easybnb.co\/cs\/wp-json\/wp\/v2\/media?parent=4380"}],"wp:term":[{"taxonomy":"category","embeddable":true,"href":"https:\/\/easybnb.co\/cs\/wp-json\/wp\/v2\/categories?post=4380"},{"taxonomy":"post_tag","embeddable":true,"href":"https:\/\/easybnb.co\/cs\/wp-json\/wp\/v2\/tags?post=4380"}],"curies":[{"name":"wp","href":"https:\/\/api.w.org\/{rel}","templated":true}]}}